{"id":3918,"date":"2019-04-27T22:01:18","date_gmt":"2019-04-27T20:01:18","guid":{"rendered":"http:\/\/www.rcc-zirl.at\/de\/?p=3918"},"modified":"2019-05-27T22:02:15","modified_gmt":"2019-05-27T20:02:15","slug":"floor-reinigung-2019","status":"publish","type":"post","link":"https:\/\/www.rcc-zirl.at\/de\/floor-reinigung-2019\/","title":{"rendered":"Floor Reinigung 2019"},"content":{"rendered":"<div class=\"site-container\">\n<header id=\"header\" class=\"site-header\">\n<div class=\"wrap\">\n<div class=\"title-area\">\n<h1><strong>Arbeitseinsatz 27.04.2019<br \/>\n<\/strong><\/h1>\n<p><strong>Am 27.04 wurde die Aktion &#8222;Flurreinigung Zirl 2019&#8220; der Gemeinde Zirl vom RCC-Zirl durchgef\u00fchrt. Auch heuer wurden wieder viele M\u00fclls\u00e4cke gef\u00fcllt. Im Schwarzen Adler wurden wir danach von der Gemeinde auf ein Mittagessen eingeladen.<\/strong><\/p>\n<p><strong>Vielen Dank an alle Helfer und Helferinnen<\/strong><\/p>\nngg_shortcode_0_placeholder<\/div>\n<\/div>\n<\/header>\n<\/div>\n","protected":false},"excerpt":{"rendered":"<p>Arbeitseinsatz 27.04.2019 Am 27.04 wurde die Aktion &#8222;Flurreinigung Zirl 2019&#8220; der Gemeinde Zirl vom RCC-Zirl durchgef\u00fchrt. Auch heuer wurden wieder viele M\u00fclls\u00e4cke gef\u00fcllt. Im Schwarzen Adler wurden wir danach von der Gemeinde auf ein Mittagessen eingeladen. Vielen Dank an alle&#8230; <a class=\"read-more-button\" href=\"https:\/\/www.rcc-zirl.at\/de\/floor-reinigung-2019\/\">(MEHR LESEN)<\/a><\/p>\n","protected":false},"author":1,"featured_media":0,"comment_status":"closed","ping_status":"closed","sticky":false,"template":"","format":"standard","meta":{"ngg_post_thumbnail":0,"footnotes":""},"categories":[1],"tags":[],"class_list":["post-3918","post","type-post","status-publish","format-standard","hentry","category-allgemein"],"_links":{"self":[{"href":"https:\/\/www.rcc-zirl.at\/de\/wp-json\/wp\/v2\/posts\/3918","targetHints":{"allow":["GET"]}}],"collection":[{"href":"https:\/\/www.rcc-zirl.at\/de\/wp-json\/wp\/v2\/posts"}],"about":[{"href":"https:\/\/www.rcc-zirl.at\/de\/wp-json\/wp\/v2\/types\/post"}],"author":[{"embeddable":true,"href":"https:\/\/www.rcc-zirl.at\/de\/wp-json\/wp\/v2\/users\/1"}],"replies":[{"embeddable":true,"href":"https:\/\/www.rcc-zirl.at\/de\/wp-json\/wp\/v2\/comments?post=3918"}],"version-history":[{"count":1,"href":"https:\/\/www.rcc-zirl.at\/de\/wp-json\/wp\/v2\/posts\/3918\/revisions"}],"predecessor-version":[{"id":3919,"href":"https:\/\/www.rcc-zirl.at\/de\/wp-json\/wp\/v2\/posts\/3918\/revisions\/3919"}],"wp:attachment":[{"href":"https:\/\/www.rcc-zirl.at\/de\/wp-json\/wp\/v2\/media?parent=3918"}],"wp:term":[{"taxonomy":"category","embeddable":true,"href":"https:\/\/www.rcc-zirl.at\/de\/wp-json\/wp\/v2\/categories?post=3918"},{"taxonomy":"post_tag","embeddable":true,"href":"https:\/\/www.rcc-zirl.at\/de\/wp-json\/wp\/v2\/tags?post=3918"}],"curies":[{"name":"wp","href":"https:\/\/api.w.org\/{rel}","templated":true}]}}